{"id":70040,"date":"2018-10-26T00:00:53","date_gmt":"2018-10-25T22:00:53","guid":{"rendered":"http:\/\/teatremusical.cat\/?p=7241"},"modified":"2026-07-26T19:24:46","modified_gmt":"2026-07-26T17:24:46","slug":"%e2%96%bajesus-crist-superstar-a-la-lirica-de-sant-andreu","status":"publish","type":"post","link":"https:\/\/teatremusical.cat\/cast\/2018\/10\/26\/%e2%96%bajesus-crist-superstar-a-la-lirica-de-sant-andreu\/","title":{"rendered":"\u25baJesus Crist Superstar a la L\u00edrica de Sant Andreu"},"content":{"rendered":"<p>\u25baEls dies 16, 17, 18, 23, 24 i 25 de novembre arriba a Sant Andreu el musical, Jesucrist Superstar!<\/p>\n<p>\u25baJesucrist Superstar \u00e9s una \u00f2pera rock, amb lletres de Tim Rice i m\u00fasica d&#8217;Andrew Lloyd Webber, que va esdevenir un musical. Se centra en els interrogants pol\u00edtics i interpersonals de Judes Iscariot i Jes\u00fas. L&#8217;\u00f2pera rock est\u00e0 basada en la narraci\u00f3 de la darrera setmana de la vida de Jes\u00fas d&#8217;acord a l&#8217;evangeli de Sant Joan, comen\u00e7ant per la preparaci\u00f3 de Jes\u00fas i la seva arribada amb els deixebles a Jerusalem, i acabant en la Crucifixi\u00f3 de Jes\u00fas. Durant el muntatge apareixen actituds i sensibilitats del segle XX, aix\u00ed com al\u00b7lusions ir\u00f2niques a la vida moderna, a m\u00e9s de la descripci\u00f3 pol\u00edtica dels fets.<\/p>\n<p>\u25baUna gran part de la trama se centra en el personatge de Judes, que apareix com una figura tr\u00e0gica que est\u00e0 desencisat amb el que veu com una manca de planificaci\u00f3 per part de Jes\u00fas i que s&#8217;alarma davant les recents mencions a la seva divinitat. Judes tem que Jes\u00fas condemnar\u00e0 al poble jueu a la destrucci\u00f3 a mans dels romans.<\/p>\n<p>\u25baL\u2019espectacle \u00e9s una producci\u00f3 de La l\u00edrica de Sant Andreu amb la coreografia de Rebeca Yuste, Txell Guardiola, Roser Mas, Sonia Cibri\u00e1n, la direcci\u00f3 musical de Laia Jornet, i la direcci\u00f3 esc\u00e8nica de Myrna Cambra.<\/p>\n<p>\u25baEl repartiment el formen: Jesus: Jordi Calduch. Judes: Pol Fuentes. Maria: Pia Mu\u00f1oz. Caif\u00e0s: Toni Calvo. Ann\u00e0s: Irina Bl\u00e0via. Sim\u00f3: Anna Padull\u00e9s. Pere: Guillem Talens. Pilat: Marc Calvo. Herodes: Siscu Valenzuela. Ap\u00f2stols: Helena G\u00f3mez. J\u00falia Maestro. Montse Mart\u00ednez. Roser Mas. Sonia Cibri\u00e1n. Arnau Andr\u00e9s. Arnau Bedmar. Eloy Rom\u00e1n. Pol Blavia. Sacerdots: Gemma Sabat\u00e9. Tere Calvo. Agust\u00ed Pallej\u00e0. Jordi Querol. Pol Calvo. Cor: Teresa Arbon\u00e9s. Jordi Belart. Anna Mart\u00ednez. Judith M\u00e9ndez. Aina Papell. Joan Paredes. Alba S\u00e1nchez. Lia Valcarce. Montse Via. Rebeca Yuste.<\/p>\n<p>\u25baCompleten l\u2019equip: al vestuari: Teresa Arbon\u00e9s, \u00a0Anna M. Peich, Montse Via.\u00a0 Maquillatge: Montse Mart\u00ednez, Helena G\u00f3mez. Escenografia: Joan Calvo P\u00e9rez. Projeccions: Joan Calvo Arbon\u00e9s. Disseny de Llum: Xavi Alcrudo. Disseny de so: Xavi Calvo.<\/p>","protected":false},"excerpt":{"rendered":"<p>\u25baEls dies 16, 17, 18, 23, 24 i 25 de novembre arriba a Sant Andreu el musical, Jesucrist Superstar! \u25baJesucrist Superstar \u00e9s una \u00f2pera rock, amb lletres de Tim Rice i m\u00fasica d&#8217;Andrew Lloyd Webber, que va esdevenir un musical. Se centra en els interrogants pol\u00edtics i interpersonals de Judes Iscariot i Jes\u00fas. L&#8217;\u00f2pera rock [&hellip;]<\/p>\n","protected":false},"author":2,"featured_media":37268,"comment_status":"closed","ping_status":"closed","sticky":false,"template":"","format":"standard","meta":{"_acf_changed":false,"_monsterinsights_skip_tracking":false,"_breakdance_hide_in_design_set":false,"_breakdance_tags":"","footnotes":""},"categories":[1],"tags":[],"class_list":["post-70040","post","type-post","status-publish","format-standard","has-post-thumbnail","hentry","category-noticies"],"acf":[],"_links":{"self":[{"href":"https:\/\/teatremusical.cat\/cast\/wp-json\/wp\/v2\/posts\/70040","targetHints":{"allow":["GET"]}}],"collection":[{"href":"https:\/\/teatremusical.cat\/cast\/wp-json\/wp\/v2\/posts"}],"about":[{"href":"https:\/\/teatremusical.cat\/cast\/wp-json\/wp\/v2\/types\/post"}],"author":[{"embeddable":true,"href":"https:\/\/teatremusical.cat\/cast\/wp-json\/wp\/v2\/users\/2"}],"replies":[{"embeddable":true,"href":"https:\/\/teatremusical.cat\/cast\/wp-json\/wp\/v2\/comments?post=70040"}],"version-history":[{"count":1,"href":"https:\/\/teatremusical.cat\/cast\/wp-json\/wp\/v2\/posts\/70040\/revisions"}],"predecessor-version":[{"id":74589,"href":"https:\/\/teatremusical.cat\/cast\/wp-json\/wp\/v2\/posts\/70040\/revisions\/74589"}],"wp:featuredmedia":[{"embeddable":true,"href":"https:\/\/teatremusical.cat\/cast\/wp-json\/wp\/v2\/media\/37268"}],"wp:attachment":[{"href":"https:\/\/teatremusical.cat\/cast\/wp-json\/wp\/v2\/media?parent=70040"}],"wp:term":[{"taxonomy":"category","embeddable":true,"href":"https:\/\/teatremusical.cat\/cast\/wp-json\/wp\/v2\/categories?post=70040"},{"taxonomy":"post_tag","embeddable":true,"href":"https:\/\/teatremusical.cat\/cast\/wp-json\/wp\/v2\/tags?post=70040"}],"curies":[{"name":"wp","href":"https:\/\/api.w.org\/{rel}","templated":true}]}}